{"id":6428,"date":"2026-02-13T13:03:24","date_gmt":"2026-02-13T13:03:24","guid":{"rendered":"https:\/\/www.weroad.com\/blog\/?p=6428"},"modified":"2026-04-16T08:15:47","modified_gmt":"2026-04-16T08:15:47","slug":"best-time-to-visit-albania","status":"publish","type":"post","link":"https:\/\/www.weroad.com\/blog\/best-time-to-visit-albania","title":{"rendered":"Best Time To Visit Albania: The Complete Guide For Every Season And Traveler"},"content":{"rendered":"\r\n<p><em>Albania is often called Europe\u2019s last great wilderness, but timing decides which version of this rugged beauty you\u2019ll encounter. If you go early in the year, you\u2019ll find a landscape vibrant and green; if you wait until late summer, you\u2019ll feel the coast pulsing with Mediterranean heat. The secret is simply choosing the moment that fits your vibe.<\/em><\/p>\r\n\r\n\r\n\r\n<p>While you might think summer is the only option, the <strong>best time to visit Albania<\/strong> is actually during the &#8220;shoulder&#8221; months of <strong>May, June, and September<\/strong>. During these windows, you&#8217;ll enjoy perfect temperatures (20\u00b0C\u201328\u00b0C), fully accessible hiking trails, and a sea that\u2019s already warm enough for a dip. July and August are fantastic if you love the heat, though they often exceed <strong>40\u00b0C<\/strong>, while the end of the year brings the refreshing (and wet) Albanian winter.<\/p>\r\n\r\n\r\n\r\n<p>What makes this country so unique is how sharply its regions diverge. You can find tranquility on the Ionian and Adriatic coasts, explore vineyards and<strong> UNESCO cities<\/strong> in the center, or get lost in the raw alpine wildness of the Northern Alps. Read on to discover our month-by-month breakdown and find the perfect window for your next Albanian adventure.<\/p>\r\n\r\n\r\n\r\n<figure class=\"wp-block-image size-full\"><img loading=\"lazy\" decoding=\"async\" width=\"1024\" height=\"768\" class=\"wp-image-3595\" src=\"https:\/\/www.weroad.com\/blog\/wp-content\/uploads\/2024\/05\/abenteuer-albanien-1.jpg\" alt=\"A boat's eye view traveling through a deep river canyon in Albania with steep, rocky cliffs covered in green vegetation.\" srcset=\"https:\/\/www.weroad.com\/blog\/wp-content\/uploads\/2024\/05\/abenteuer-albanien-1.jpg 1024w, https:\/\/www.weroad.com\/blog\/wp-content\/uploads\/2024\/05\/abenteuer-albanien-1-800x600.jpg 800w, https:\/\/www.weroad.com\/blog\/wp-content\/uploads\/2024\/05\/abenteuer-albanien-1-768x576.jpg 768w\" sizes=\"auto, (max-width: 1024px) 100vw, 1024px\" \/><\/figure>\r\n\r\n\r\n\r\n<h2 class=\"wp-block-heading\"><strong>The Golden Window: Why May and June are the Best Months to Explore<\/strong><\/h2>\r\n\r\n\r\n\r\n<p>May and June represent the &#8220;<strong>golden window<\/strong>&#8221; of the Albanian shoulder season. This is the moment when the country is at its most vibrant, but hasn&#8217;t yet been hit by the intense summer rush. If you&#8217;re a fan of lush landscapes, you&#8217;ll find the hills a neon green and the valleys filled with the scent of wildflowers\u2014it\u2019s arguably the prime time to see the landscape at its most fertile.<\/p>\r\n\r\n\r\n\r\n<p>In the north, this is when the <strong>Accursed Mountains (Prokletije)<\/strong> finally wake up. As the winter snow melts, the legendary Theth-to-Valbona hike typically opens for the season. This trek is the crown jewel of the Balkans, and with temperatures hovering between<strong> 22\u00b0C and 26\u00b0C<\/strong>, you can tackle the climbs toward jagged limestone peaks without the grueling heat of mid-summer.<\/p>\r\n\r\n\r\n\r\n<p>Lower down, the rivers are at their most powerful. June is your best bet for <strong>rafting in the Osumi Canyon<\/strong> near Berat. Thanks to the spring snowmelt, you\u2019ll navigate turquoise waters between 100-meter-high limestone walls\u2014an experience that often becomes impossible by late July when water levels drop.<\/p>\r\n\r\n\r\n\r\n<p>The transition to summer is felt everywhere, especially in the <strong>UNESCO cities of Berat<\/strong> and Gjirokast\u00ebr. You can wander through the &#8220;City of a Thousand Windows&#8221; comfortably on foot, avoiding the exhaustion of a heatwave. Meanwhile, the Ionian coast starts to sparkle; you can secure the perfect spot on the beaches of Dh\u00ebrmi or Himar\u00eb and enjoy the crystal-clear water before the crowds of the high season arrive.<\/p>\r\n\r\n\r\n\r\n<figure class=\"wp-block-image size-full\"><img loading=\"lazy\" decoding=\"async\" width=\"1024\" height=\"771\" class=\"wp-image-5202\" src=\"https:\/\/www.weroad.com\/blog\/wp-content\/uploads\/2025\/05\/Valbona-Valley-National-Park-Albania.jpg\" alt=\"A breathtaking view of the Valbona Valley in Albania, featuring a winding riverbed at the base of towering, lush green mountains under a bright blue sky.\" srcset=\"https:\/\/www.weroad.com\/blog\/wp-content\/uploads\/2025\/05\/Valbona-Valley-National-Park-Albania.jpg 1024w, https:\/\/www.weroad.com\/blog\/wp-content\/uploads\/2025\/05\/Valbona-Valley-National-Park-Albania-800x602.jpg 800w, https:\/\/www.weroad.com\/blog\/wp-content\/uploads\/2025\/05\/Valbona-Valley-National-Park-Albania-768x578.jpg 768w\" sizes=\"auto, (max-width: 1024px) 100vw, 1024px\" \/><\/figure>\r\n\r\n\r\n\r\n<h2 class=\"wp-block-heading\"><strong>Peak Summer Energy: Surviving The Heat In July And August<\/strong><\/h2>\r\n\r\n\r\n\r\n<p>July and August see the country turned all the way up. This is peak season in every sense: the highest prices, the largest crowds, and the most intense heat. However, it\u2019s also when the Albanian Riviera is at its most electric. If you travel for social energy and nightlife, this is your moment. Coastal hubs like Dh\u00ebrmi, Sarand\u00eb, and Ksamil pulse with beach clubs and world-class music festivals like <strong>Kala or ION t<\/strong>hat stretch deep into the night.<\/p>\r\n\r\n\r\n\r\n<p>The heat is the real wildcard during these months. <strong>July is the hottest month<\/strong>, with inland temperatures in cities like Tirana often pushing past 40\u00b0C. To survive the midday sun, you should mimic the local &#8220;xhiro&#8221; culture: structure your day around early mornings and late evenings, retreating to the shade or the sea between 12:00 and 17:00. This is the perfect time for a long, slow seafood lunch under a pergola.<\/p>\r\n\r\n\r\n\r\n<p>If the heat becomes too much, there are two classic escapes:<\/p>\r\n\r\n\r\n\r\n<ul class=\"wp-block-list\">\r\n<li><strong>The Llogara Pass<\/strong>: Offers immediate relief where mountain air meets the sea breeze at over 1,000 meters.<\/li>\r\n\r\n\r\n\r\n<li><strong>The Northern Alps<\/strong>: Head to high-altitude villages like Lepush\u00eb or Vermosh for a refreshing mountain reset. They remain noticeably cooler, offering a sanctuary from the sweltering lowlands.<\/li>\r\n<\/ul>\r\n\r\n\r\n\r\n<p>Surprisingly, <strong>Tirana <\/strong>undergoes a fascinating transformation in mid-August. As the locals flee to the coast, the capital becomes eerily and beautifully quiet. It is the absolute best time to explore world-class museums like <strong>Bunk\u2019Art or the House of Leaves<\/strong> in total peace. Peak season rewards those with a plan\u2014by balancing beach parties with these quiet cultural gems, you&#8217;ll experience Albania&#8217;s intensity without the burnout.<\/p>\r\n<p class=\"font-claude-response-body break-words whitespace-normal leading-[1.7]\">    <div class=\"tip not-prose flex gap-3.5 rounded-xl border border-gray-400  p-7.5 pt-11.25 relative items-start\">\n      \n      <span class=\"absolute flex items-center justify-center w-15 h-15 rounded-full border border-gray-400 bg-white p-1.25 left-[50%] -ml-7.5 -top-7.5 lg:relative lg:top-0 lg:ml-0 lg:left-0 lg:p-0 lg:border-0 lg:w-auto lg:h-auto lg:mt-1.5\" aria-hidden=\"true\">\n        <svg class=\"h-12.5! lg:h-5!\"  width=\"32\" height=\"32\" viewBox=\"0 0 32 32\" fill=\"none\" xmlns=\"http:\/\/www.w3.org\/2000\/svg\">\n          <path d=\"M16.0022 3.33398C15.3889 3.33398 14.7622 3.38732 14.1355 3.52065C10.4555 4.22732 7.52221 7.20065 6.82888 10.8807C6.18888 14.3607 7.46888 17.5607 9.78888 19.6273C10.3622 20.134 10.6689 20.8407 10.6689 21.5873V24.6673C10.6689 26.134 11.8689 27.334 13.3355 27.334H13.7089C14.1755 28.134 15.0155 28.6673 16.0022 28.6673C16.9889 28.6673 17.8422 28.134 18.2955 27.334H18.6689C20.1355 27.334 21.3355 26.134 21.3355 24.6673V21.5873C21.3355 20.854 21.6289 20.134 22.1889 19.6407C24.1222 17.934 25.3355 15.4407 25.3355 12.6673C25.3355 7.50732 21.1622 3.33398 16.0022 3.33398ZM18.6689 22.0007H13.3355V20.6673H18.6689V22.0007ZM13.3355 24.6673V23.334H18.6689V24.6673H13.3355ZM20.4155 17.654C20.2955 17.7607 20.2022 17.894 20.0955 18.0007H11.8955C11.7889 17.8807 11.6955 17.7473 11.5755 17.6407C9.81555 16.0673 9.02888 13.7207 9.45554 11.374C9.93554 8.78732 12.0689 6.64065 14.6422 6.13398C15.0955 6.04065 15.5489 6.00065 16.0022 6.00065C19.6822 6.00065 22.6689 8.98732 22.6689 12.6673C22.6689 14.574 21.8555 16.3873 20.4155 17.654Z\" fill=\"#323232\"\/>\n          <path d=\"M16.6689 14.0007H15.3355V18.0007H16.6689V14.0007Z\" fill=\"#323232\"\/>\n          <path d=\"M13.8415 11.1656L12.8987 12.1084L15.7271 14.9368L16.6699 13.994L13.8415 11.1656Z\" fill=\"#323232\"\/>\n          <path d=\"M15.3369 14.0076L16.2797 14.9504L19.1081 12.122L18.1653 11.1792L15.3369 14.0076Z\" fill=\"#323232\"\/>\n        <\/svg>\n\n      <\/span>\n      <div class=\"tip__content prose  max-w-none\">\n        <p class=\"font-claude-response-body break-words whitespace-normal leading-[1.7]\">If you&#8217;re visiting in <strong>July or August<\/strong>, don&#8217;t write off <strong>Tirana<\/strong> \u2014 mid-August is actually the best time to explore the city. As locals head to the coast, the capital empties out and you can visit world-class museums like <strong>Bunk&#8217;Art<\/strong> and the <strong>House of Leaves<\/strong> in total peace, without queues or crowds. Pair it with a few days on the Riviera and you&#8217;ve got the best of both worlds.<\/p>\n      <\/div>\n    <\/div>\n    <\/p>\r\n\r\n\r\n\r\n<figure class=\"wp-block-image size-full\"><img loading=\"lazy\" decoding=\"async\" width=\"1024\" height=\"768\" class=\"wp-image-5203\" src=\"https:\/\/www.weroad.com\/blog\/wp-content\/uploads\/2025\/05\/WeRoad-group-trip-to-Albania.jpeg\" alt=\"A large group of smiling WeRoad travelers taking a selfie on a sunny beach in Albania with the sea in the background.\" srcset=\"https:\/\/www.weroad.com\/blog\/wp-content\/uploads\/2025\/05\/WeRoad-group-trip-to-Albania.jpeg 1024w, https:\/\/www.weroad.com\/blog\/wp-content\/uploads\/2025\/05\/WeRoad-group-trip-to-Albania-800x600.jpeg 800w, https:\/\/www.weroad.com\/blog\/wp-content\/uploads\/2025\/05\/WeRoad-group-trip-to-Albania-768x576.jpeg 768w\" sizes=\"auto, (max-width: 1024px) 100vw, 1024px\" \/><\/figure>\r\n\r\n\r\n\r\n<h2 class=\"wp-block-heading\"><strong>The Second Summer: Why September and October are Ideal for Beach Lovers<\/strong><\/h2>\r\n\r\n\r\n\r\n<p>September and October are Albania\u2019s quiet advantage. While many assume the season ends in August, the Ionian Sea holds its heat long after the crowds have departed, creating what locals call a &#8220;<em>second summer<\/em>.&#8221; This is the time of golden light and calm waters, where the frantic pace of July is replaced by a sophisticated, laid-back Mediterranean charm.<\/p>\r\n\r\n\r\n\r\n<p>September is arguably the best-kept secret for the coast. The water is at its warmest\u2014reaching up to 25\u00b0C\u2014having baked under the sun for three months. Meanwhile, the air remains a balmy 22\u00b0C\u201328\u00b0C, so you can comfortably balance tanning with exploring. With accommodation prices dropping by as much as 30-40%, the south becomes an accessible paradise if you value quality over party vibes.<\/p>\r\n\r\n\r\n\r\n<p><strong>Can you sunbathe in Albania in October?<\/strong> The answer is a definitive <strong>yes<\/strong>, especially in the southern regions around <strong>Ksamil and Sarand\u00eb<\/strong>. Air temperatures frequently hover between <strong>22\u00b0C and 25\u00b0C<\/strong> during the day. While the evenings start to feel crisp, the Mediterranean sun is still strong enough for a full beach day, offering a tranquil experience that is impossible to find during the summer peak.<\/p>\r\n\r\n\r\n\r\n<p>As the heat breaks, your focus should shift inland toward the <strong>vineyards of Berat and Shkod\u00ebr<\/strong>. This is the harvest season, the most authentic time to experience the region\u2019s wine culture. You can join local families in picking grapes or witness the traditional production of <strong>Raki<\/strong>. Markets overflow with pomegranates and figs, and local cultural festivals take center stage, offering you a deeper connection to the land than the busy summer months ever could.<\/p>\r\n\r\n\r\n\r\n<figure class=\"wp-block-image size-full\"><img loading=\"lazy\" decoding=\"async\" width=\"1500\" height=\"843\" class=\"wp-image-6379\" src=\"https:\/\/www.weroad.com\/blog\/wp-content\/uploads\/2026\/01\/sunset-swim-dhermi-beach-albania-summer-ridimensionato-a-grande.jpeg\" alt=\"Two people standing on a pebble beach in Albania, looking out at the sea during a golden sunset next to a large rocky cliff.\" srcset=\"https:\/\/www.weroad.com\/blog\/wp-content\/uploads\/2026\/01\/sunset-swim-dhermi-beach-albania-summer-ridimensionato-a-grande.jpeg 1500w, https:\/\/www.weroad.com\/blog\/wp-content\/uploads\/2026\/01\/sunset-swim-dhermi-beach-albania-summer-ridimensionato-a-grande-800x450.jpeg 800w, https:\/\/www.weroad.com\/blog\/wp-content\/uploads\/2026\/01\/sunset-swim-dhermi-beach-albania-summer-ridimensionato-a-grande-1024x575.jpeg 1024w, https:\/\/www.weroad.com\/blog\/wp-content\/uploads\/2026\/01\/sunset-swim-dhermi-beach-albania-summer-ridimensionato-a-grande-768x432.jpeg 768w\" sizes=\"auto, (max-width: 1500px) 100vw, 1500px\" \/><\/figure>\r\n\r\n\r\n\r\n<h2 class=\"wp-block-heading\"><strong>Off-Season Magic: Is Albania Worth Visiting In November And December<\/strong><\/h2>\r\n\r\n\r\n\r\n<p>November and December mark the transition into Albania\u2019s quietest, most introspective season. While this is the wettest period of the year\u2014with November seeing the highest rainfall\u2014the rain often arrives in dramatic bursts followed by periods of intense clarity. If you\u2019re a &#8220;<em>slow traveler<\/em>&#8221; interested in the soul of a country rather than just its beaches, this is your time to shine.<\/p>\r\n\r\n\r\n\r\n<p>As coastal resorts enter their winter hibernation, the historic heart of the interior remains as vibrant as ever. You can experience a different side of Albania\u2019s heritage:<\/p>\r\n\r\n\r\n\r\n<ul class=\"wp-block-list\">\r\n<li><strong>Gjirokast\u00ebr<\/strong>: The city becomes incredibly atmospheric, with mist drifting through its Ottoman stone streets and the smell of woodsmoke rising from chimneys.<\/li>\r\n\r\n\r\n\r\n<li><strong>Kor\u00e7\u00eb<\/strong>: Known as the &#8220;Little Paris,&#8221; this city shines with its caf\u00e9 culture, perfect for cozying up with local wine and lakror (a traditional pie).<\/li>\r\n<\/ul>\r\n\r\n\r\n\r\n<p>November is the month of <strong>Festat e N\u00ebntorit<\/strong> (National Holidays). On the 28th and 29th of November, you\u2019ll see the country draped in red-and-black flags to celebrate Independence and Liberation days. You can expect patriotic parades and street concerts that offer a rare glimpse into the true Albanian national identity.<\/p>\r\n\r\n\r\n\r\n<p>By <strong>December<\/strong>, the energy shifts to Tirana. Skanderbeg Square transforms into a winter wonderland with holiday lights and wooden cabins serving mulled wine and grilled meats. While Albania is a secular country, the festive spirit is universal. It is the best season if you value <strong>authentic human connections<\/strong> and want to see the capital without a single other tourist in sight.<\/p>\r\n\r\n\r\n\r\n<figure class=\"wp-block-image size-large\"><img loading=\"lazy\" decoding=\"async\" width=\"1024\" height=\"683\" class=\"wp-image-6435\" src=\"https:\/\/www.weroad.com\/blog\/wp-content\/uploads\/2026\/02\/shutterstock_2401587439-ridimensionato-a-grande-1024x683.jpeg\" alt=\"A person holding a small red Albanian flag with the black double-headed eagle.\" srcset=\"https:\/\/www.weroad.com\/blog\/wp-content\/uploads\/2026\/02\/shutterstock_2401587439-ridimensionato-a-grande-1024x683.jpeg 1024w, https:\/\/www.weroad.com\/blog\/wp-content\/uploads\/2026\/02\/shutterstock_2401587439-ridimensionato-a-grande-800x533.jpeg 800w, https:\/\/www.weroad.com\/blog\/wp-content\/uploads\/2026\/02\/shutterstock_2401587439-ridimensionato-a-grande-768x512.jpeg 768w, https:\/\/www.weroad.com\/blog\/wp-content\/uploads\/2026\/02\/shutterstock_2401587439-ridimensionato-a-grande.jpeg 1500w\" sizes=\"auto, (max-width: 1024px) 100vw, 1024px\" \/><\/figure>\r\n\r\n\r\n\r\n<h2 class=\"wp-block-heading\"><strong>The Quiet Months: What to Expect from January to April<\/strong><\/h2>\r\n\r\n\r\n\r\n<p><strong>January and February<\/strong> are the coldest months, with snow blanketing the north and the southern highlands. This is the season for the truly adventurous. The Kor\u00e7\u00eb region becomes a winter playground; villages like Dardh\u00eb and Voskopoja are havens for skiers and snow enthusiasts. Even if you don\u2019t ski, the intimate, slow pace of rural life\u2014sitting by a roaring fire in a kulla (stone house)\u2014offers a perspective on Albania few foreigners ever see.<\/p>\r\n\r\n\r\n\r\n<p>While the coast takes a winter break, the <strong>UNESCO cities <\/strong>remain active and soulful. In Berat, the lack of tourists means you can explore the castle (Kala) and its inhabited old town with only the locals for company. The winter light is crisp and sharp, making it the best time for photography. Without the summer crowds, these heritage sites feel like living history rather than open-air museums.<\/p>\r\n\r\n\r\n\r\n<p><strong>March <\/strong>signals the first real turn of the season. <strong>Almond trees <\/strong>begin to bloom across the southern and central regions, painting the valleys in soft pinks and whites. This is the &#8220;renewal&#8221; phase, where the first outdoor caf\u00e9 tables reappear in the sun. You\u2019ll see a stunning contrast: mountain peaks remain capped in white, providing a dramatic backdrop to the increasingly green valleys below.<\/p>\r\n\r\n\r\n\r\n<p><strong>April <\/strong>is arguably one of the most underrated months for an Albanian journey. As greenery returns with a vengeance, it becomes the ideal window for low-altitude hiking and countryside exploration. <strong>Archaeological Parks<\/strong> like Butrint or Apollonia are accessible in total comfort. Seeing ancient ruins surrounded by spring blossoms is a far more immersive experience than trekking through them in the stifling July heat.<\/p>\r\n\r\n\r\n\r\n<figure class=\"wp-block-image size-large\"><img loading=\"lazy\" decoding=\"async\" width=\"1024\" height=\"768\" class=\"wp-image-6434\" src=\"https:\/\/www.weroad.com\/blog\/wp-content\/uploads\/2026\/02\/berat-albanie-village-group-landscape-may-spring-ridimensionato-a-grande-1024x768.jpeg\" alt=\"A group of WeRoad travelers sitting on a stone wall at a panoramic viewpoint overlooking the historic city of Berat, Albania, and its green hills.\" srcset=\"https:\/\/www.weroad.com\/blog\/wp-content\/uploads\/2026\/02\/berat-albanie-village-group-landscape-may-spring-ridimensionato-a-grande-1024x768.jpeg 1024w, https:\/\/www.weroad.com\/blog\/wp-content\/uploads\/2026\/02\/berat-albanie-village-group-landscape-may-spring-ridimensionato-a-grande-800x600.jpeg 800w, https:\/\/www.weroad.com\/blog\/wp-content\/uploads\/2026\/02\/berat-albanie-village-group-landscape-may-spring-ridimensionato-a-grande-768x576.jpeg 768w, https:\/\/www.weroad.com\/blog\/wp-content\/uploads\/2026\/02\/berat-albanie-village-group-landscape-may-spring-ridimensionato-a-grande-1440x1080.jpeg 1440w, https:\/\/www.weroad.com\/blog\/wp-content\/uploads\/2026\/02\/berat-albanie-village-group-landscape-may-spring-ridimensionato-a-grande.jpeg 1500w\" sizes=\"auto, (max-width: 1024px) 100vw, 1024px\" \/><\/figure>\r\n\r\n\r\n\r\n<h2 class=\"wp-block-heading\"><strong>Your Albanian Adventure Starts With The Right Timing<\/strong><\/h2>\r\n\r\n\r\n\r\n<p>Ultimately, those who understand Albania\u2019s rhythm are the ones most richly rewarded. Each season offers a distinct soul. A cozy stone house in November is worlds away from the electric Riviera in July. This country delivers an unfiltered authenticity that shifts month by month. It constantly rewards those brave enough to move against the flow.<\/p>\r\n\r\n\r\n\r\n<p>The true magic of these landscapes lies in the people you share them with. A sunrise in the Accursed Mountains feels more vivid with a crew. A sunset in Ksamil lingers longer when shared with like-minded explorers. These moments of wonder turn a simple trip into a lasting memory. Whether eating <em>f\u00ebges\u00eb <\/em>in Tirana or drinking wine in Berat, shared experiences matter most.<\/p>\r\n\r\n\r\n\r\n<p>If you are ready to explore these wonders alongside a group of new friends who value deep connection and raw adventure, discover our <a id=\"https:\/\/www.weroad.com\/travel-albania\" href=\"https:\/\/www.weroad.com\/travel-albania\" type=\"link\">Albania group travel adventures<\/a>. Your journey into Europe&#8217;s last great wilderness starts here.<\/p>\r\n\r\n\r\n\r\n<figure class=\"wp-block-image size-large\"><img loading=\"lazy\" decoding=\"async\" width=\"1024\" height=\"665\" class=\"wp-image-6377\" src=\"https:\/\/www.weroad.com\/blog\/wp-content\/uploads\/2026\/01\/kamay-beach-ksamil-albania-group-selfie-july-summer-ridimensionato-a-grande-1024x665.jpeg\" alt=\"A group of WeRoad travelers posing on a hand-shaped stone sculpture at a turquoise beach in Ksamil, Albania.\" srcset=\"https:\/\/www.weroad.com\/blog\/wp-content\/uploads\/2026\/01\/kamay-beach-ksamil-albania-group-selfie-july-summer-ridimensionato-a-grande-1024x665.jpeg 1024w, https:\/\/www.weroad.com\/blog\/wp-content\/uploads\/2026\/01\/kamay-beach-ksamil-albania-group-selfie-july-summer-ridimensionato-a-grande-800x519.jpeg 800w, https:\/\/www.weroad.com\/blog\/wp-content\/uploads\/2026\/01\/kamay-beach-ksamil-albania-group-selfie-july-summer-ridimensionato-a-grande-768x499.jpeg 768w, https:\/\/www.weroad.com\/blog\/wp-content\/uploads\/2026\/01\/kamay-beach-ksamil-albania-group-selfie-july-summer-ridimensionato-a-grande.jpeg 1500w\" sizes=\"auto, (max-width: 1024px) 100vw, 1024px\" \/><\/figure>\r\n    <section class=\"faq not-prose rounded-lg py-7.5 px-5 flex flex-col gap-y-8 bg-violet\">\n              <h2 class=\"text-gray-900\">FAQ Albania<\/h2>\n\n      \n      <dl class=\"space-y-4\">\n                  <details class=\"faq__item group rounded-[0.625rem]  bg-white\/50 overflow-hidden px-4 py-2.5\">\n            <summary class=\"faq__question flex items-center justify-between gap-4 cursor-pointer  text-gray-900 font-semibold text-base select-none list-none transition-colors lg:text-lg\">\n              <dt>When is the best time to visit Albania overall?<\/dt>\n              \n              <span class=\"flex-shrink-0 w-4 h-4 flex items-center justify-center text-gray-700 transition-transform duration-200 group-open:rotate-180\" aria-hidden=\"true\">\n                <svg xmlns=\"http:\/\/www.w3.org\/2000\/svg\" class=\"w-2 h-2!\" fill=\"none\" viewBox=\"0 0 24 24\" stroke=\"currentColor\" stroke-width=\"1.75\">\n                  <path stroke-linecap=\"round\" stroke-linejoin=\"round\" d=\"M19 9l-7 7-7-7\" \/>\n                <\/svg>\n              <\/span>\n            <\/summary>\n            <dd class=\"faq__answer prose prose-sm max-w-none text-gray-800 mt-2.5\" >\n              <p class=\"font-claude-response-body break-words whitespace-normal leading-[1.7]\">May, June and September are the standout months, ideal temperatures, accessible hiking, warm sea, and accommodation at reasonable prices. July and August are great for beach energy but come with intense heat and bigger crowds.<\/p>\n<p class=\"font-claude-response-body break-words whitespace-normal leading-[1.7]\">\n            <\/dd>\n          <\/details>\n                  <details class=\"faq__item group rounded-[0.625rem]  bg-white\/50 overflow-hidden px-4 py-2.5\">\n            <summary class=\"faq__question flex items-center justify-between gap-4 cursor-pointer  text-gray-900 font-semibold text-base select-none list-none transition-colors lg:text-lg\">\n              <dt>Is Albania worth visiting in winter?<\/dt>\n              \n              <span class=\"flex-shrink-0 w-4 h-4 flex items-center justify-center text-gray-700 transition-transform duration-200 group-open:rotate-180\" aria-hidden=\"true\">\n                <svg xmlns=\"http:\/\/www.w3.org\/2000\/svg\" class=\"w-2 h-2!\" fill=\"none\" viewBox=\"0 0 24 24\" stroke=\"currentColor\" stroke-width=\"1.75\">\n                  <path stroke-linecap=\"round\" stroke-linejoin=\"round\" d=\"M19 9l-7 7-7-7\" \/>\n                <\/svg>\n              <\/span>\n            <\/summary>\n            <dd class=\"faq__answer prose prose-sm max-w-none text-gray-800 mt-2.5\" >\n              <p class=\"font-claude-response-body break-words whitespace-normal leading-[1.7]\">Yes, especially for slow travellers. Tirana and the UNESCO cities of Berat and Gjirokast\u00ebr remain vibrant, and December transforms Skanderbeg Square into a festive hub. The north sees snow, making it a niche but rewarding destination for skiers and those after an authentic rural experience.<\/p>\n<p class=\"font-claude-response-body break-words whitespace-normal leading-[1.7]\">\n            <\/dd>\n          <\/details>\n                  <details class=\"faq__item group rounded-[0.625rem]  bg-white\/50 overflow-hidden px-4 py-2.5\">\n            <summary class=\"faq__question flex items-center justify-between gap-4 cursor-pointer  text-gray-900 font-semibold text-base select-none list-none transition-colors lg:text-lg\">\n              <dt>Can you swim in Albania in October?<\/dt>\n              \n              <span class=\"flex-shrink-0 w-4 h-4 flex items-center justify-center text-gray-700 transition-transform duration-200 group-open:rotate-180\" aria-hidden=\"true\">\n                <svg xmlns=\"http:\/\/www.w3.org\/2000\/svg\" class=\"w-2 h-2!\" fill=\"none\" viewBox=\"0 0 24 24\" stroke=\"currentColor\" stroke-width=\"1.75\">\n                  <path stroke-linecap=\"round\" stroke-linejoin=\"round\" d=\"M19 9l-7 7-7-7\" \/>\n                <\/svg>\n              <\/span>\n            <\/summary>\n            <dd class=\"faq__answer prose prose-sm max-w-none text-gray-800 mt-2.5\" >\n              <p class=\"font-claude-response-body break-words whitespace-normal leading-[1.7]\">Absolutely. The Ionian Sea stays warm into October (up to 25\u00b0C), and air temperatures in the south frequently reach 22\u00b0C\u201325\u00b0C during the day. It&#8217;s arguably the best-kept secret for a quiet, affordable beach trip.<\/p>\n<p class=\"font-claude-response-body break-words whitespace-normal leading-[1.7]\">\n            <\/dd>\n          <\/details>\n                  <details class=\"faq__item group rounded-[0.625rem]  bg-white\/50 overflow-hidden px-4 py-2.5\">\n            <summary class=\"faq__question flex items-center justify-between gap-4 cursor-pointer  text-gray-900 font-semibold text-base select-none list-none transition-colors lg:text-lg\">\n              <dt>What is the hottest month in Albania?<\/dt>\n              \n              <span class=\"flex-shrink-0 w-4 h-4 flex items-center justify-center text-gray-700 transition-transform duration-200 group-open:rotate-180\" aria-hidden=\"true\">\n                <svg xmlns=\"http:\/\/www.w3.org\/2000\/svg\" class=\"w-2 h-2!\" fill=\"none\" viewBox=\"0 0 24 24\" stroke=\"currentColor\" stroke-width=\"1.75\">\n                  <path stroke-linecap=\"round\" stroke-linejoin=\"round\" d=\"M19 9l-7 7-7-7\" \/>\n                <\/svg>\n              <\/span>\n            <\/summary>\n            <dd class=\"faq__answer prose prose-sm max-w-none text-gray-800 mt-2.5\" >\n              <p class=\"font-claude-response-body break-words whitespace-normal leading-[1.7]\">July, when inland cities like Tirana regularly exceed 40\u00b0C. The coast is more bearable thanks to sea breezes, but midday heat is intense everywhere. Follow the local habit of resting between 12:00 and 17:00.<\/p>\n<p class=\"font-claude-response-body break-words whitespace-normal leading-[1.7]\">\n            <\/dd>\n          <\/details>\n                  <details class=\"faq__item group rounded-[0.625rem]  bg-white\/50 overflow-hidden px-4 py-2.5\">\n            <summary class=\"faq__question flex items-center justify-between gap-4 cursor-pointer  text-gray-900 font-semibold text-base select-none list-none transition-colors lg:text-lg\">\n              <dt>When is the Theth-to-Valbona hike accessible?<\/dt>\n              \n              <span class=\"flex-shrink-0 w-4 h-4 flex items-center justify-center text-gray-700 transition-transform duration-200 group-open:rotate-180\" aria-hidden=\"true\">\n                <svg xmlns=\"http:\/\/www.w3.org\/2000\/svg\" class=\"w-2 h-2!\" fill=\"none\" viewBox=\"0 0 24 24\" stroke=\"currentColor\" stroke-width=\"1.75\">\n                  <path stroke-linecap=\"round\" stroke-linejoin=\"round\" d=\"M19 9l-7 7-7-7\" \/>\n                <\/svg>\n              <\/span>\n            <\/summary>\n            <dd class=\"faq__answer prose prose-sm max-w-none text-gray-800 mt-2.5\" >\n              <p class=\"font-claude-response-body break-words whitespace-normal leading-[1.7]\">The trail typically opens from late May or early June, once the winter snow melts in the Accursed Mountains. June offers the best combination of accessible paths and comfortable temperatures for the climb.<\/p>\n<p class=\"font-claude-response-body break-words whitespace-normal leading-[1.7]\">\n            <\/dd>\n          <\/details>\n                  <details class=\"faq__item group rounded-[0.625rem]  bg-white\/50 overflow-hidden px-4 py-2.5\">\n            <summary class=\"faq__question flex items-center justify-between gap-4 cursor-pointer  text-gray-900 font-semibold text-base select-none list-none transition-colors lg:text-lg\">\n              <dt>Are there any festivals or events worth timing a trip around?<\/dt>\n              \n              <span class=\"flex-shrink-0 w-4 h-4 flex items-center justify-center text-gray-700 transition-transform duration-200 group-open:rotate-180\" aria-hidden=\"true\">\n                <svg xmlns=\"http:\/\/www.w3.org\/2000\/svg\" class=\"w-2 h-2!\" fill=\"none\" viewBox=\"0 0 24 24\" stroke=\"currentColor\" stroke-width=\"1.75\">\n                  <path stroke-linecap=\"round\" stroke-linejoin=\"round\" d=\"M19 9l-7 7-7-7\" \/>\n                <\/svg>\n              <\/span>\n            <\/summary>\n            <dd class=\"faq__answer prose prose-sm max-w-none text-gray-800 mt-2.5\" >\n              <p class=\"font-claude-response-body break-words whitespace-normal leading-[1.7]\">Yes, the coastal festivals <strong>Kala and ION<\/strong> run in July and August along the Riviera. On 28-29 November, Albania celebrates Independence and Liberation Day with parades and street concerts. And December brings a lively festive atmosphere to Tirana&#8217;s Skanderbeg Square.<\/p>\n            <\/dd>\n          <\/details>\n              <\/dl>\n    <\/section>\n    \r\n","protected":false},"excerpt":{"rendered":"<p>Albania is often called Europe\u2019s last great wilderness, but timing decides which version of this rugged beauty you\u2019ll encounter. If you go early in the year, you\u2019ll find a landscape vibrant and green; if you wait until late summer, you\u2019ll feel the coast pulsing with Mediterranean heat. The secret is simply choosing the moment that [&hellip;]<\/p>\n","protected":false},"author":8,"featured_media":6380,"comment_status":"closed","ping_status":"open","sticky":false,"template":"","format":"standard","meta":{"_acf_changed":false,"footnotes":""},"categories":[7],"mete":[172,171],"class_list":["post-6428","post","type-post","status-publish","format-standard","has-post-thumbnail","hentry","category-when-is-it-best-to-go","tag-albania","mete-albania","mete-europe"],"acf":[],"yoast_head":"<!-- This site is optimized with the Yoast SEO Premium plugin v25.3.1 (Yoast SEO v26.8) - https:\/\/yoast.com\/product\/yoast-seo-premium-wordpress\/ -->\n<title>Best Time to Visit Albania: A Complete Month-by-Month Guide<\/title>\n<meta name=\"description\" content=\"When is the best time to visit Albania? From the turquoise Riviera to the Accursed Mountains, discover the perfect month for your adventure.\" \/>\n<meta name=\"robots\" content=\"index, follow, max-snippet:-1, max-image-preview:large, max-video-preview:-1\" \/>\n<link rel=\"canonical\" href=\"https:\/\/www.weroad.com\/blog\/best-time-to-visit-albania\" \/>\n<meta property=\"og:locale\" content=\"en_US\" \/>\n<meta property=\"og:type\" content=\"article\" \/>\n<meta property=\"og:title\" content=\"Best Time To Visit Albania: The Complete Guide For Every Season And Traveler\" \/>\n<meta property=\"og:description\" content=\"When is the best time to visit Albania? From the turquoise Riviera to the Accursed Mountains, discover the perfect month for your adventure.\" \/>\n<meta property=\"og:url\" content=\"https:\/\/www.weroad.com\/blog\/best-time-to-visit-albania\" \/>\n<meta property=\"og:site_name\" content=\"Stories\" \/>\n<meta property=\"article:publisher\" content=\"https:\/\/www.facebook.com\/weroadtravel\" \/>\n<meta property=\"article:published_time\" content=\"2026-02-13T13:03:24+00:00\" \/>\n<meta property=\"og:image\" content=\"https:\/\/www.weroad.com\/blog\/wp-content\/uploads\/2026\/01\/albania-group-selfie-may-spring-ridimensionato-a-grande.jpeg\" \/>\n\t<meta property=\"og:image:width\" content=\"1500\" \/>\n\t<meta property=\"og:image:height\" content=\"1312\" \/>\n\t<meta property=\"og:image:type\" content=\"image\/jpeg\" \/>\n<meta name=\"author\" content=\"WeRoad Team\" \/>\n<meta name=\"twitter:card\" content=\"summary_large_image\" \/>\n<meta name=\"twitter:label1\" content=\"Written by\" \/>\n\t<meta name=\"twitter:data1\" content=\"WeRoad Team\" \/>\n\t<meta name=\"twitter:label2\" content=\"Est. reading time\" \/>\n\t<meta name=\"twitter:data2\" content=\"10 minutes\" \/>\n<script type=\"application\/ld+json\" class=\"yoast-schema-graph\">{\"@context\":\"https:\/\/schema.org\",\"@graph\":[{\"@type\":\"Article\",\"@id\":\"https:\/\/www.weroad.com\/blog\/best-time-to-visit-albania#article\",\"isPartOf\":{\"@id\":\"https:\/\/www.weroad.com\/blog\/best-time-to-visit-albania\"},\"author\":{\"name\":\"WeRoad Team\",\"@id\":\"https:\/\/www.weroad.com\/blog\/#\/schema\/person\/cda50f51c03bd7a697399bb1e702b8e7\"},\"headline\":\"Best Time To Visit Albania: The Complete Guide For Every Season And Traveler\",\"datePublished\":\"2026-02-13T13:03:24+00:00\",\"mainEntityOfPage\":{\"@id\":\"https:\/\/www.weroad.com\/blog\/best-time-to-visit-albania\"},\"wordCount\":1748,\"image\":{\"@id\":\"https:\/\/www.weroad.com\/blog\/best-time-to-visit-albania#primaryimage\"},\"thumbnailUrl\":\"https:\/\/www.weroad.com\/blog\/wp-content\/uploads\/2026\/01\/albania-group-selfie-may-spring-ridimensionato-a-grande.jpeg\",\"keywords\":[\"Albania\"],\"articleSection\":[\"When is it best to go\"],\"inLanguage\":\"en-US\"},{\"@type\":\"WebPage\",\"@id\":\"https:\/\/www.weroad.com\/blog\/best-time-to-visit-albania\",\"url\":\"https:\/\/www.weroad.com\/blog\/best-time-to-visit-albania\",\"name\":\"Best Time to Visit Albania: A Complete Month-by-Month Guide\",\"isPartOf\":{\"@id\":\"https:\/\/www.weroad.com\/blog\/#website\"},\"primaryImageOfPage\":{\"@id\":\"https:\/\/www.weroad.com\/blog\/best-time-to-visit-albania#primaryimage\"},\"image\":{\"@id\":\"https:\/\/www.weroad.com\/blog\/best-time-to-visit-albania#primaryimage\"},\"thumbnailUrl\":\"https:\/\/www.weroad.com\/blog\/wp-content\/uploads\/2026\/01\/albania-group-selfie-may-spring-ridimensionato-a-grande.jpeg\",\"datePublished\":\"2026-02-13T13:03:24+00:00\",\"author\":{\"@id\":\"https:\/\/www.weroad.com\/blog\/#\/schema\/person\/cda50f51c03bd7a697399bb1e702b8e7\"},\"description\":\"When is the best time to visit Albania? From the turquoise Riviera to the Accursed Mountains, discover the perfect month for your adventure.\",\"breadcrumb\":{\"@id\":\"https:\/\/www.weroad.com\/blog\/best-time-to-visit-albania#breadcrumb\"},\"inLanguage\":\"en-US\",\"potentialAction\":[{\"@type\":\"ReadAction\",\"target\":[\"https:\/\/www.weroad.com\/blog\/best-time-to-visit-albania\"]}]},{\"@type\":\"ImageObject\",\"inLanguage\":\"en-US\",\"@id\":\"https:\/\/www.weroad.com\/blog\/best-time-to-visit-albania#primaryimage\",\"url\":\"https:\/\/www.weroad.com\/blog\/wp-content\/uploads\/2026\/01\/albania-group-selfie-may-spring-ridimensionato-a-grande.jpeg\",\"contentUrl\":\"https:\/\/www.weroad.com\/blog\/wp-content\/uploads\/2026\/01\/albania-group-selfie-may-spring-ridimensionato-a-grande.jpeg\",\"width\":1500,\"height\":1312,\"caption\":\"A smiling group of WeRoad travelers posing inside a large wooden heart-shaped frame at the Blue Eye in Albania.\"},{\"@type\":\"BreadcrumbList\",\"@id\":\"https:\/\/www.weroad.com\/blog\/best-time-to-visit-albania#breadcrumb\",\"itemListElement\":[{\"@type\":\"ListItem\",\"position\":1,\"name\":\"Home\",\"item\":\"https:\/\/www.weroad.com\/blog\/\"},{\"@type\":\"ListItem\",\"position\":2,\"name\":\"Best Time To Visit Albania: The Complete Guide For Every Season And Traveler\"}]},{\"@type\":\"WebSite\",\"@id\":\"https:\/\/www.weroad.com\/blog\/#website\",\"url\":\"https:\/\/www.weroad.com\/blog\/\",\"name\":\"Stories\",\"description\":\"A blog by WeRoad\",\"potentialAction\":[{\"@type\":\"SearchAction\",\"target\":{\"@type\":\"EntryPoint\",\"urlTemplate\":\"https:\/\/www.weroad.com\/blog\/?s={search_term_string}\"},\"query-input\":{\"@type\":\"PropertyValueSpecification\",\"valueRequired\":true,\"valueName\":\"search_term_string\"}}],\"inLanguage\":\"en-US\"},{\"@type\":\"Person\",\"@id\":\"https:\/\/www.weroad.com\/blog\/#\/schema\/person\/cda50f51c03bd7a697399bb1e702b8e7\",\"name\":\"WeRoad Team\",\"image\":{\"@type\":\"ImageObject\",\"inLanguage\":\"en-US\",\"@id\":\"https:\/\/www.weroad.com\/blog\/#\/schema\/person\/image\/\",\"url\":\"https:\/\/secure.gravatar.com\/avatar\/29551bd254dd2356c2ccb2eb558e1779?s=96&d=mm&r=g\",\"contentUrl\":\"https:\/\/secure.gravatar.com\/avatar\/29551bd254dd2356c2ccb2eb558e1779?s=96&d=mm&r=g\",\"caption\":\"WeRoad Team\"}}]}<\/script>\n<!-- \/ Yoast SEO Premium plugin. -->","yoast_head_json":{"title":"Best Time to Visit Albania: A Complete Month-by-Month Guide","description":"When is the best time to visit Albania? From the turquoise Riviera to the Accursed Mountains, discover the perfect month for your adventure.","robots":{"index":"index","follow":"follow","max-snippet":"max-snippet:-1","max-image-preview":"max-image-preview:large","max-video-preview":"max-video-preview:-1"},"canonical":"https:\/\/www.weroad.com\/blog\/best-time-to-visit-albania","og_locale":"en_US","og_type":"article","og_title":"Best Time To Visit Albania: The Complete Guide For Every Season And Traveler","og_description":"When is the best time to visit Albania? From the turquoise Riviera to the Accursed Mountains, discover the perfect month for your adventure.","og_url":"https:\/\/www.weroad.com\/blog\/best-time-to-visit-albania","og_site_name":"Stories","article_publisher":"https:\/\/www.facebook.com\/weroadtravel","article_published_time":"2026-02-13T13:03:24+00:00","og_image":[{"width":1500,"height":1312,"url":"https:\/\/www.weroad.com\/blog\/wp-content\/uploads\/2026\/01\/albania-group-selfie-may-spring-ridimensionato-a-grande.jpeg","type":"image\/jpeg"}],"author":"WeRoad Team","twitter_card":"summary_large_image","twitter_misc":{"Written by":"WeRoad Team","Est. reading time":"10 minutes"},"schema":{"@context":"https:\/\/schema.org","@graph":[{"@type":"Article","@id":"https:\/\/www.weroad.com\/blog\/best-time-to-visit-albania#article","isPartOf":{"@id":"https:\/\/www.weroad.com\/blog\/best-time-to-visit-albania"},"author":{"name":"WeRoad Team","@id":"https:\/\/www.weroad.com\/blog\/#\/schema\/person\/cda50f51c03bd7a697399bb1e702b8e7"},"headline":"Best Time To Visit Albania: The Complete Guide For Every Season And Traveler","datePublished":"2026-02-13T13:03:24+00:00","mainEntityOfPage":{"@id":"https:\/\/www.weroad.com\/blog\/best-time-to-visit-albania"},"wordCount":1748,"image":{"@id":"https:\/\/www.weroad.com\/blog\/best-time-to-visit-albania#primaryimage"},"thumbnailUrl":"https:\/\/www.weroad.com\/blog\/wp-content\/uploads\/2026\/01\/albania-group-selfie-may-spring-ridimensionato-a-grande.jpeg","keywords":["Albania"],"articleSection":["When is it best to go"],"inLanguage":"en-US"},{"@type":"WebPage","@id":"https:\/\/www.weroad.com\/blog\/best-time-to-visit-albania","url":"https:\/\/www.weroad.com\/blog\/best-time-to-visit-albania","name":"Best Time to Visit Albania: A Complete Month-by-Month Guide","isPartOf":{"@id":"https:\/\/www.weroad.com\/blog\/#website"},"primaryImageOfPage":{"@id":"https:\/\/www.weroad.com\/blog\/best-time-to-visit-albania#primaryimage"},"image":{"@id":"https:\/\/www.weroad.com\/blog\/best-time-to-visit-albania#primaryimage"},"thumbnailUrl":"https:\/\/www.weroad.com\/blog\/wp-content\/uploads\/2026\/01\/albania-group-selfie-may-spring-ridimensionato-a-grande.jpeg","datePublished":"2026-02-13T13:03:24+00:00","author":{"@id":"https:\/\/www.weroad.com\/blog\/#\/schema\/person\/cda50f51c03bd7a697399bb1e702b8e7"},"description":"When is the best time to visit Albania? From the turquoise Riviera to the Accursed Mountains, discover the perfect month for your adventure.","breadcrumb":{"@id":"https:\/\/www.weroad.com\/blog\/best-time-to-visit-albania#breadcrumb"},"inLanguage":"en-US","potentialAction":[{"@type":"ReadAction","target":["https:\/\/www.weroad.com\/blog\/best-time-to-visit-albania"]}]},{"@type":"ImageObject","inLanguage":"en-US","@id":"https:\/\/www.weroad.com\/blog\/best-time-to-visit-albania#primaryimage","url":"https:\/\/www.weroad.com\/blog\/wp-content\/uploads\/2026\/01\/albania-group-selfie-may-spring-ridimensionato-a-grande.jpeg","contentUrl":"https:\/\/www.weroad.com\/blog\/wp-content\/uploads\/2026\/01\/albania-group-selfie-may-spring-ridimensionato-a-grande.jpeg","width":1500,"height":1312,"caption":"A smiling group of WeRoad travelers posing inside a large wooden heart-shaped frame at the Blue Eye in Albania."},{"@type":"BreadcrumbList","@id":"https:\/\/www.weroad.com\/blog\/best-time-to-visit-albania#breadcrumb","itemListElement":[{"@type":"ListItem","position":1,"name":"Home","item":"https:\/\/www.weroad.com\/blog\/"},{"@type":"ListItem","position":2,"name":"Best Time To Visit Albania: The Complete Guide For Every Season And Traveler"}]},{"@type":"WebSite","@id":"https:\/\/www.weroad.com\/blog\/#website","url":"https:\/\/www.weroad.com\/blog\/","name":"Stories","description":"A blog by WeRoad","potentialAction":[{"@type":"SearchAction","target":{"@type":"EntryPoint","urlTemplate":"https:\/\/www.weroad.com\/blog\/?s={search_term_string}"},"query-input":{"@type":"PropertyValueSpecification","valueRequired":true,"valueName":"search_term_string"}}],"inLanguage":"en-US"},{"@type":"Person","@id":"https:\/\/www.weroad.com\/blog\/#\/schema\/person\/cda50f51c03bd7a697399bb1e702b8e7","name":"WeRoad Team","image":{"@type":"ImageObject","inLanguage":"en-US","@id":"https:\/\/www.weroad.com\/blog\/#\/schema\/person\/image\/","url":"https:\/\/secure.gravatar.com\/avatar\/29551bd254dd2356c2ccb2eb558e1779?s=96&d=mm&r=g","contentUrl":"https:\/\/secure.gravatar.com\/avatar\/29551bd254dd2356c2ccb2eb558e1779?s=96&d=mm&r=g","caption":"WeRoad Team"}}]}},"_links":{"self":[{"href":"https:\/\/www.weroad.com\/blog\/wp-json\/wp\/v2\/posts\/6428","targetHints":{"allow":["GET"]}}],"collection":[{"href":"https:\/\/www.weroad.com\/blog\/wp-json\/wp\/v2\/posts"}],"about":[{"href":"https:\/\/www.weroad.com\/blog\/wp-json\/wp\/v2\/types\/post"}],"author":[{"embeddable":true,"href":"https:\/\/www.weroad.com\/blog\/wp-json\/wp\/v2\/users\/8"}],"replies":[{"embeddable":true,"href":"https:\/\/www.weroad.com\/blog\/wp-json\/wp\/v2\/comments?post=6428"}],"version-history":[{"count":8,"href":"https:\/\/www.weroad.com\/blog\/wp-json\/wp\/v2\/posts\/6428\/revisions"}],"predecessor-version":[{"id":7136,"href":"https:\/\/www.weroad.com\/blog\/wp-json\/wp\/v2\/posts\/6428\/revisions\/7136"}],"wp:featuredmedia":[{"embeddable":true,"href":"https:\/\/www.weroad.com\/blog\/wp-json\/wp\/v2\/media\/6380"}],"wp:attachment":[{"href":"https:\/\/www.weroad.com\/blog\/wp-json\/wp\/v2\/media?parent=6428"}],"wp:term":[{"taxonomy":"category","embeddable":true,"href":"https:\/\/www.weroad.com\/blog\/wp-json\/wp\/v2\/categories?post=6428"},{"taxonomy":"mete","embeddable":true,"href":"https:\/\/www.weroad.com\/blog\/wp-json\/wp\/v2\/mete?post=6428"}],"curies":[{"name":"wp","href":"https:\/\/api.w.org\/{rel}","templated":true}]}}